{"id":968,"date":"2026-03-18T15:22:35","date_gmt":"2026-03-18T14:22:35","guid":{"rendered":"https:\/\/promeneursdunet01.fr\/?p=968"},"modified":"2026-03-18T15:29:13","modified_gmt":"2026-03-18T14:29:13","slug":"premiere-rencontre-regionale-promeneurs-du-net-auvergne-rhone-alpes","status":"publish","type":"post","link":"https:\/\/promeneursdunet01.fr\/?p=968","title":{"rendered":"Premi\u00e8re Rencontre R\u00e9gionale Promeneurs du Net Auvergne Rh\u00f4ne-Alpes"},"content":{"rendered":"\t\t<div data-elementor-type=\"wp-post\" data-elementor-id=\"968\" class=\"elementor elementor-968\" data-elementor-settings=\"{&quot;element_pack_global_tooltip_width&quot;:{&quot;unit&quot;:&quot;px&quot;,&quot;size&quot;:&quot;&quot;,&quot;sizes&quot;:[]},&quot;element_pack_global_tooltip_width_tablet&quot;:{&quot;unit&quot;:&quot;px&quot;,&quot;size&quot;:&quot;&quot;,&quot;sizes&quot;:[]},&quot;element_pack_global_tooltip_width_mobile&quot;:{&quot;unit&quot;:&quot;px&quot;,&quot;size&quot;:&quot;&quot;,&quot;sizes&quot;:[]},&quot;element_pack_global_tooltip_padding&quot;:{&quot;unit&quot;:&quot;px&quot;,&quot;top&quot;:&quot;&quot;,&quot;right&quot;:&quot;&quot;,&quot;bottom&quot;:&quot;&quot;,&quot;left&quot;:&quot;&quot;,&quot;isLinked&quot;:true},&quot;element_pack_global_tooltip_padding_tablet&quot;:{&quot;unit&quot;:&quot;px&quot;,&quot;top&quot;:&quot;&quot;,&quot;right&quot;:&quot;&quot;,&quot;bottom&quot;:&quot;&quot;,&quot;left&quot;:&quot;&quot;,&quot;isLinked&quot;:true},&quot;element_pack_global_tooltip_padding_mobile&quot;:{&quot;unit&quot;:&quot;px&quot;,&quot;top&quot;:&quot;&quot;,&quot;right&quot;:&quot;&quot;,&quot;bottom&quot;:&quot;&quot;,&quot;left&quot;:&quot;&quot;,&quot;isLinked&quot;:true},&quot;element_pack_global_tooltip_border_radius&quot;:{&quot;unit&quot;:&quot;px&quot;,&quot;top&quot;:&quot;&quot;,&quot;right&quot;:&quot;&quot;,&quot;bottom&quot;:&quot;&quot;,&quot;left&quot;:&quot;&quot;,&quot;isLinked&quot;:true},&quot;element_pack_global_tooltip_border_radius_tablet&quot;:{&quot;unit&quot;:&quot;px&quot;,&quot;top&quot;:&quot;&quot;,&quot;right&quot;:&quot;&quot;,&quot;bottom&quot;:&quot;&quot;,&quot;left&quot;:&quot;&quot;,&quot;isLinked&quot;:true},&quot;element_pack_global_tooltip_border_radius_mobile&quot;:{&quot;unit&quot;:&quot;px&quot;,&quot;top&quot;:&quot;&quot;,&quot;right&quot;:&quot;&quot;,&quot;bottom&quot;:&quot;&quot;,&quot;left&quot;:&quot;&quot;,&quot;isLinked&quot;:true}}\" data-elementor-post-type=\"post\">\n\t\t\t\t<div class=\"elementor-element elementor-element-fc5febb e-flex e-con-boxed e-con e-parent\" data-id=\"fc5febb\" data-element_type=\"container\">\n\t\t\t\t\t<div class=\"e-con-inner\">\n\t\t\t\t<div class=\"elementor-element elementor-element-d7af658 elementor-widget elementor-widget-image\" data-id=\"d7af658\" data-element_type=\"widget\" data-widget_type=\"image.default\">\n\t\t\t\t<div class=\"elementor-widget-container\">\n\t\t\t\t\t\t\t\t\t\t\t\t\t\t\t<img fetchpriority=\"high\" decoding=\"async\" width=\"1024\" height=\"724\" src=\"https:\/\/promeneursdunet01.fr\/wp-content\/uploads\/2026\/03\/illustration_journee-1024x724.png\" class=\"attachment-large size-large wp-image-970\" alt=\"\" srcset=\"https:\/\/promeneursdunet01.fr\/wp-content\/uploads\/2026\/03\/illustration_journee-1024x724.png 1024w, https:\/\/promeneursdunet01.fr\/wp-content\/uploads\/2026\/03\/illustration_journee-300x212.png 300w, https:\/\/promeneursdunet01.fr\/wp-content\/uploads\/2026\/03\/illustration_journee-768x543.png 768w, https:\/\/promeneursdunet01.fr\/wp-content\/uploads\/2026\/03\/illustration_journee-1536x1086.png 1536w, https:\/\/promeneursdunet01.fr\/wp-content\/uploads\/2026\/03\/illustration_journee.png 1754w\" sizes=\"(max-width: 1024px) 100vw, 1024px\" \/>\t\t\t\t\t\t\t\t\t\t\t\t\t\t\t<\/div>\n\t\t\t\t<\/div>\n\t\t\t\t\t<\/div>\n\t\t\t\t<\/div>\n\t\t<div class=\"elementor-element elementor-element-fde4dcd e-flex e-con-boxed e-con e-parent\" data-id=\"fde4dcd\" data-element_type=\"container\">\n\t\t\t\t\t<div class=\"e-con-inner\">\n\t\t\t\t<div class=\"elementor-element elementor-element-f227b43 elementor-widget elementor-widget-heading\" data-id=\"f227b43\" data-element_type=\"widget\" data-widget_type=\"heading.default\">\n\t\t\t\t<div class=\"elementor-widget-container\">\n\t\t\t\t\t<h2 class=\"elementor-heading-title elementor-size-default\"><h1 class=\"entry-title\">Premi\u00e8re Rencontre R\u00e9gionale Promeneurs du Net Auvergne Rh\u00f4ne-Alpes<\/h1><\/h2>\t\t\t\t<\/div>\n\t\t\t\t<\/div>\n\t\t\t\t\t<\/div>\n\t\t\t\t<\/div>\n\t\t<div class=\"elementor-element elementor-element-b364b20 e-flex e-con-boxed e-con e-parent\" data-id=\"b364b20\" data-element_type=\"container\">\n\t\t\t\t\t<div class=\"e-con-inner\">\n\t\t\t\t<div class=\"elementor-element elementor-element-20ac6ea elementor-widget elementor-widget-text-editor\" data-id=\"20ac6ea\" data-element_type=\"widget\" data-widget_type=\"text-editor.default\">\n\t\t\t\t<div class=\"elementor-widget-container\">\n\t\t\t\t\t\t\t\t\t<p class=\"my-2 [&amp;+p]:mt-4 [&amp;_strong:has(+br)]:inline-block [&amp;_strong:has(+br)]:pb-2\">Le jeudi\u00a0<strong>30 avril 2026<\/strong>, rejoignez-nous pour la\u00a0<strong>toute premi\u00e8re rencontre r\u00e9gionale<\/strong>\u00a0des Promeneurs du Net en Auvergne Rh\u00f4ne-Alpes !<span class=\"inline-flex\" aria-label=\"programme-du-30-avril-2026.pdf\" data-state=\"closed\">\u200b<\/span><\/p><h2 id=\"un-vnement-historique-pour-le-rseau\" class=\"font-editorial font-bold mb-2 mt-4 [.has-inline-images_&amp;]:clear-end text-lg first:mt-0 md:text-lg [hr+&amp;]:mt-4\">Un \u00e9v\u00e9nement historique pour le r\u00e9seau<\/h2><p class=\"my-2 [&amp;+p]:mt-4 [&amp;_strong:has(+br)]:inline-block [&amp;_strong:has(+br)]:pb-2\">Organis\u00e9e dans les locaux de la\u00a0<strong>M\u00e9tropole de Lyon<\/strong>\u00a0(20 rue du Lac, Lyon 3e), cette journ\u00e9e marque une \u00e9tape cl\u00e9 pour tous les PDN de la r\u00e9gion.<span class=\"inline-flex\" aria-label=\"programme-du-30-avril-2026.pdf\" data-state=\"closed\">\u200b<\/span><br \/>Co-construite par les coordinations Jeunesse et Parentalit\u00e9 de plusieurs d\u00e9partements, elle vise \u00e0 renforcer les liens, partager les initiatives et approfondir nos missions \u00e9ducatives en ligne.<span class=\"inline-flex\" aria-label=\"programme-du-30-avril-2026.pdf\" data-state=\"closed\">\u200b<\/span><\/p><h2 id=\"programme-de-la-journe\" class=\"font-editorial font-bold mb-2 mt-4 [.has-inline-images_&amp;]:clear-end text-lg first:mt-0 md:text-lg [hr+&amp;]:mt-4\">Programme de la journ\u00e9e<\/h2><ul class=\"marker:text-quiet list-disc\"><li class=\"py-0 my-0 prose-p:pt-0 prose-p:mb-2 prose-p:my-0 [&amp;&gt;p]:pt-0 [&amp;&gt;p]:mb-2 [&amp;&gt;p]:my-0\"><p class=\"my-2 [&amp;+p]:mt-4 [&amp;_strong:has(+br)]:inline-block [&amp;_strong:has(+br)]:pb-2\"><strong>8h45<\/strong>\u00a0: Accueil<\/p><\/li><li class=\"py-0 my-0 prose-p:pt-0 prose-p:mb-2 prose-p:my-0 [&amp;&gt;p]:pt-0 [&amp;&gt;p]:mb-2 [&amp;&gt;p]:my-0\"><p class=\"my-2 [&amp;+p]:mt-4 [&amp;_strong:has(+br)]:inline-block [&amp;_strong:has(+br)]:pb-2\"><strong>9h-10h<\/strong>\u00a0: Caf\u00e9 outils et d\u00e9couverte de ressources<\/p><\/li><li class=\"py-0 my-0 prose-p:pt-0 prose-p:mb-2 prose-p:my-0 [&amp;&gt;p]:pt-0 [&amp;&gt;p]:mb-2 [&amp;&gt;p]:my-0\"><p class=\"my-2 [&amp;+p]:mt-4 [&amp;_strong:has(+br)]:inline-block [&amp;_strong:has(+br)]:pb-2\"><strong>10h15-11h15<\/strong>\u00a0: Introduction par\u00a0<strong>Jocelyn Lachance<\/strong>, docteur en sociologie et sp\u00e9cialiste des usages num\u00e9riques des jeunes<\/p><\/li><li class=\"py-0 my-0 prose-p:pt-0 prose-p:mb-2 prose-p:my-0 [&amp;&gt;p]:pt-0 [&amp;&gt;p]:mb-2 [&amp;&gt;p]:my-0\"><p class=\"my-2 [&amp;+p]:mt-4 [&amp;_strong:has(+br)]:inline-block [&amp;_strong:has(+br)]:pb-2\"><strong>11h30-12h30<\/strong>\u00a0: Bourse aux initiatives<\/p><\/li><li class=\"py-0 my-0 prose-p:pt-0 prose-p:mb-2 prose-p:my-0 [&amp;&gt;p]:pt-0 [&amp;&gt;p]:mb-2 [&amp;&gt;p]:my-0\"><p class=\"my-2 [&amp;+p]:mt-4 [&amp;_strong:has(+br)]:inline-block [&amp;_strong:has(+br)]:pb-2\"><strong>12h30-13h30<\/strong>\u00a0: Pause d\u00e9jeuner<\/p><\/li><li class=\"py-0 my-0 prose-p:pt-0 prose-p:mb-2 prose-p:my-0 [&amp;&gt;p]:pt-0 [&amp;&gt;p]:mb-2 [&amp;&gt;p]:my-0\"><p class=\"my-2 [&amp;+p]:mt-4 [&amp;_strong:has(+br)]:inline-block [&amp;_strong:has(+br)]:pb-2\"><strong>13h30-15h30<\/strong>\u00a0:\u00a0<strong>Ateliers th\u00e9matiques<\/strong>\u00a0(choix de 2 parmi 5) :<\/p><ul class=\"marker:text-quiet list-disc\"><li class=\"py-0 my-0 prose-p:pt-0 prose-p:mb-2 prose-p:my-0 [&amp;&gt;p]:pt-0 [&amp;&gt;p]:mb-2 [&amp;&gt;p]:my-0\"><p class=\"my-2 [&amp;+p]:mt-4 [&amp;_strong:has(+br)]:inline-block [&amp;_strong:has(+br)]:pb-2\">Dessine-moi un PDN (missions et posture)<\/p><\/li><li class=\"py-0 my-0 prose-p:pt-0 prose-p:mb-2 prose-p:my-0 [&amp;&gt;p]:pt-0 [&amp;&gt;p]:mb-2 [&amp;&gt;p]:my-0\"><p class=\"my-2 [&amp;+p]:mt-4 [&amp;_strong:has(+br)]:inline-block [&amp;_strong:has(+br)]:pb-2\">Le r\u00e9seau, on en parle<\/p><\/li><li class=\"py-0 my-0 prose-p:pt-0 prose-p:mb-2 prose-p:my-0 [&amp;&gt;p]:pt-0 [&amp;&gt;p]:mb-2 [&amp;&gt;p]:my-0\"><p class=\"my-2 [&amp;+p]:mt-4 [&amp;_strong:has(+br)]:inline-block [&amp;_strong:has(+br)]:pb-2\">Moi et mon public<\/p><\/li><li class=\"py-0 my-0 prose-p:pt-0 prose-p:mb-2 prose-p:my-0 [&amp;&gt;p]:pt-0 [&amp;&gt;p]:mb-2 [&amp;&gt;p]:my-0\"><p class=\"my-2 [&amp;+p]:mt-4 [&amp;_strong:has(+br)]:inline-block [&amp;_strong:has(+br)]:pb-2\">Politique publique et num\u00e9rique<\/p><\/li><li class=\"py-0 my-0 prose-p:pt-0 prose-p:mb-2 prose-p:my-0 [&amp;&gt;p]:pt-0 [&amp;&gt;p]:mb-2 [&amp;&gt;p]:my-0\"><p class=\"my-2 [&amp;+p]:mt-4 [&amp;_strong:has(+br)]:inline-block [&amp;_strong:has(+br)]:pb-2\">PDN et \u00e9ducation au num\u00e9rique<\/p><\/li><\/ul><\/li><li class=\"py-0 my-0 prose-p:pt-0 prose-p:mb-2 prose-p:my-0 [&amp;&gt;p]:pt-0 [&amp;&gt;p]:mb-2 [&amp;&gt;p]:my-0\"><p class=\"my-2 [&amp;+p]:mt-4 [&amp;_strong:has(+br)]:inline-block [&amp;_strong:has(+br)]:pb-2\"><strong>15h45-16h30<\/strong>\u00a0: Synth\u00e8se avec Jocelyn Lachance<span class=\"inline-flex\" aria-label=\"programme-du-30-avril-2026.pdf\" data-state=\"closed\">\u200b<\/span><\/p><\/li><\/ul><p class=\"my-2 [&amp;+p]:mt-4 [&amp;_strong:has(+br)]:inline-block [&amp;_strong:has(+br)]:pb-2\"><em>Programme susceptible de modifications mineures.<\/em><span class=\"inline-flex\" aria-label=\"programme-du-30-avril-2026.pdf\" data-state=\"closed\">\u200b<\/span><\/p><h2 id=\"inscrivez-vous-ds-maintenant\" class=\"font-editorial font-bold mb-2 mt-4 [.has-inline-images_&amp;]:clear-end text-lg first:mt-0 md:text-lg [hr+&amp;]:mt-4\">Inscrivez-vous d\u00e8s maintenant !<\/h2><p class=\"my-2 [&amp;+p]:mt-4 [&amp;_strong:has(+br)]:inline-block [&amp;_strong:has(+br)]:pb-2\">Participez \u00e0 cette journ\u00e9e essentielle et inscrivez-vous\u00a0<strong>avant le 10 avril<\/strong>\u00a0via ce lien :<br \/><strong><a class=\"reset interactable cursor-pointer decoration-1 underline-offset-1 text-super hover:underline font-semibold\" href=\"https:\/\/framaforms.org\/inscription-journee-regionale-promeneurs-du-net-1770717514\" target=\"_blank\" rel=\"nofollow noopener\"><span class=\"text-box-trim-both\">Formulaire d&rsquo;inscription<\/span><\/a><\/strong><br \/><em>Places limit\u00e9es pour les ateliers.<\/em><span class=\"inline-flex\" aria-label=\"programme-du-30-avril-2026.pdf\" data-state=\"closed\">\u200b<\/span><\/p><p class=\"my-2 [&amp;+p]:mt-4 [&amp;_strong:has(+br)]:inline-block [&amp;_strong:has(+br)]:pb-2\"><a href=\"https:\/\/promeneursdunet01.fr\/wp-content\/uploads\/2026\/03\/programme-du-30-avril-2026-1.pdf\" target=\"_blank\" rel=\"noopener\"><strong>T\u00e9l\u00e9chargez le programme complet<\/strong><\/a><\/p>\t\t\t\t\t\t\t\t<\/div>\n\t\t\t\t<\/div>\n\t\t\t\t\t<\/div>\n\t\t\t\t<\/div>\n\t\t\t\t<\/div>\n\t\t","protected":false},"excerpt":{"rendered":"<p>Premi\u00e8re Rencontre R\u00e9gionale Promeneurs du Net Auvergne Rh\u00f4ne-Alpes Le jeudi\u00a030 avril 2026, rejoignez-nous pour la\u00a0toute premi\u00e8re rencontre r\u00e9gionale\u00a0des Promeneurs du [&hellip;]<\/p>\n","protected":false},"author":2,"featured_media":970,"comment_status":"closed","ping_status":"open","sticky":false,"template":"","format":"standard","meta":{"site-sidebar-layout":"default","site-content-layout":"","ast-site-content-layout":"default","site-content-style":"default","site-sidebar-style":"default","ast-global-header-display":"","ast-banner-title-visibility":"","ast-main-header-display":"","ast-hfb-above-header-display":"","ast-hfb-below-header-display":"","ast-hfb-mobile-header-display":"","site-post-title":"","ast-breadcrumbs-content":"","ast-featured-img":"disabled","footer-sml-layout":"","ast-disable-related-posts":"","theme-transparent-header-meta":"","adv-header-id-meta":"","stick-header-meta":"","header-above-stick-meta":"","header-main-stick-meta":"","header-below-stick-meta":"","astra-migrate-meta-layouts":"default","ast-page-background-enabled":"default","ast-page-background-meta":{"desktop":{"background-color":"var(--ast-global-color-4)","background-image":"","background-repeat":"repeat","background-position":"center center","background-size":"auto","background-attachment":"scroll","background-type":"","background-media":"","overlay-type":"","overlay-color":"","overlay-opacity":"","overlay-gradient":""},"tablet":{"background-color":"","background-image":"","background-repeat":"repeat","background-position":"center center","background-size":"auto","background-attachment":"scroll","background-type":"","background-media":"","overlay-type":"","overlay-color":"","overlay-opacity":"","overlay-gradient":""},"mobile":{"background-color":"","background-image":"","background-repeat":"repeat","background-position":"center center","background-size":"auto","background-attachment":"scroll","background-type":"","background-media":"","overlay-type":"","overlay-color":"","overlay-opacity":"","overlay-gradient":""}},"ast-content-background-meta":{"desktop":{"background-color":"var(--ast-global-color-5)","background-image":"","background-repeat":"repeat","background-position":"center center","background-size":"auto","background-attachment":"scroll","background-type":"","background-media":"","overlay-type":"","overlay-color":"","overlay-opacity":"","overlay-gradient":""},"tablet":{"background-color":"var(--ast-global-color-5)","background-image":"","background-repeat":"repeat","background-position":"center center","background-size":"auto","background-attachment":"scroll","background-type":"","background-media":"","overlay-type":"","overlay-color":"","overlay-opacity":"","overlay-gradient":""},"mobile":{"background-color":"var(--ast-global-color-5)","background-image":"","background-repeat":"repeat","background-position":"center center","background-size":"auto","background-attachment":"scroll","background-type":"","background-media":"","overlay-type":"","overlay-color":"","overlay-opacity":"","overlay-gradient":""}},"footnotes":""},"categories":[4,1],"tags":[12,57,15,54,28,56],"class_list":["post-968","post","type-post","status-publish","format-standard","has-post-thumbnail","hentry","category-article-du-mois","category-non-classe","tag-ados","tag-familles","tag-jeunes","tag-pdn","tag-promeneur-du-net","tag-renconter-pdn"],"aioseo_notices":[],"_links":{"self":[{"href":"https:\/\/promeneursdunet01.fr\/index.php?rest_route=\/wp\/v2\/posts\/968","targetHints":{"allow":["GET"]}}],"collection":[{"href":"https:\/\/promeneursdunet01.fr\/index.php?rest_route=\/wp\/v2\/posts"}],"about":[{"href":"https:\/\/promeneursdunet01.fr\/index.php?rest_route=\/wp\/v2\/types\/post"}],"author":[{"embeddable":true,"href":"https:\/\/promeneursdunet01.fr\/index.php?rest_route=\/wp\/v2\/users\/2"}],"replies":[{"embeddable":true,"href":"https:\/\/promeneursdunet01.fr\/index.php?rest_route=%2Fwp%2Fv2%2Fcomments&post=968"}],"version-history":[{"count":11,"href":"https:\/\/promeneursdunet01.fr\/index.php?rest_route=\/wp\/v2\/posts\/968\/revisions"}],"predecessor-version":[{"id":984,"href":"https:\/\/promeneursdunet01.fr\/index.php?rest_route=\/wp\/v2\/posts\/968\/revisions\/984"}],"wp:featuredmedia":[{"embeddable":true,"href":"https:\/\/promeneursdunet01.fr\/index.php?rest_route=\/wp\/v2\/media\/970"}],"wp:attachment":[{"href":"https:\/\/promeneursdunet01.fr\/index.php?rest_route=%2Fwp%2Fv2%2Fmedia&parent=968"}],"wp:term":[{"taxonomy":"category","embeddable":true,"href":"https:\/\/promeneursdunet01.fr\/index.php?rest_route=%2Fwp%2Fv2%2Fcategories&post=968"},{"taxonomy":"post_tag","embeddable":true,"href":"https:\/\/promeneursdunet01.fr\/index.php?rest_route=%2Fwp%2Fv2%2Ftags&post=968"}],"curies":[{"name":"wp","href":"https:\/\/api.w.org\/{rel}","templated":true}]}}