{"id":138,"date":"2022-10-19T13:17:00","date_gmt":"2022-10-19T11:17:00","guid":{"rendered":"https:\/\/promeneursdunet01.fr\/?p=138"},"modified":"2024-04-19T10:43:41","modified_gmt":"2024-04-19T08:43:41","slug":"grandir-connectes-les-adolescents-et-la-recherche-dinformation","status":"publish","type":"post","link":"https:\/\/promeneursdunet01.fr\/?p=138","title":{"rendered":"Grandir connect\u00e9s : les adolescents et la recherche d&rsquo;information"},"content":{"rendered":"\n<figure class=\"wp-block-image aligncenter size-full\"><img fetchpriority=\"high\" decoding=\"async\" width=\"300\" height=\"446\" src=\"https:\/\/promeneursdunet01.fr\/wp-content\/uploads\/2024\/04\/Couverture-grandir-connectes-e1666198533110.jpg\" alt=\"Couverture de l'ouvrage\" class=\"wp-image-139\" srcset=\"https:\/\/promeneursdunet01.fr\/wp-content\/uploads\/2024\/04\/Couverture-grandir-connectes-e1666198533110.jpg 300w, https:\/\/promeneursdunet01.fr\/wp-content\/uploads\/2024\/04\/Couverture-grandir-connectes-e1666198533110-202x300.jpg 202w\" sizes=\"(max-width: 300px) 100vw, 300px\" \/><\/figure>\n\n\n\n<p class=\"has-text-align-center has-ast-global-color-6-background-color has-background\"><a href=\"http:\/\/crd.adea-formation.com\/index.php?lvl=notice_display&amp;id=36364\" target=\"_blank\" rel=\"noreferrer noopener\">Ouvrage disponible au CRD de l&rsquo;ADEA au rayon M\u00e9diations, section Num\u00e9rique, avec la cote MED-NUM-COR-4<\/a><\/p>\n\n\n\n<h2 class=\"wp-block-heading\">L&rsquo;autrice<\/h2>\n\n\n\n<p>Apr\u00e8s avoir \u00e9t\u00e9 professeur documentaliste, Anne Cordier est ma\u00eetre de conf\u00e9rences en sciences de l&rsquo;information et de la communication \u00e0 l&rsquo;universit\u00e9 de Rouen. Elle dirige la formation des futurs professeurs documentalistes (Master MEEF-Prodoc). <strong>Elle participe activement \u00e0 la recherche sur les pratiques num\u00e9riques \u00e0 l&rsquo;\u00e9cole<\/strong> avec l&rsquo;ANR-Translit (translitt\u00e9raties) et le GRCDI (Groupe de recherche sur les cultures et la didactique de l&rsquo;information).<\/p>\n\n\n\n<h2 class=\"wp-block-heading\">Quatri\u00e8me de couverture<\/h2>\n\n\n\n<p>\u00ab\u00a0Rencontrer les \u00e9l\u00e8ves des coll\u00e8ges et lyc\u00e9es, mettre au jour leur imaginaire de l&rsquo;internet : Anne Cordier veut se confronter au r\u00e9el pour \u00e9viter les pr\u00e9jug\u00e9s et les discours marketing sur les jeunes et les r\u00e9seaux. Loin des mutants annonc\u00e9s par certains auteurs m\u00e9diatiques, elle a crois\u00e9 des jeunes qui ont besoin de comprendre ce qui se joue derri\u00e8re les \u00e9crans. <strong>Leur savoir-faire est \u00e9vident, mais il masque des difficult\u00e9s \u00e0 construire une image mentale de l&rsquo;information num\u00e9rique<\/strong>. Les nombreuses paroles d&rsquo;\u00e9l\u00e8ves recueillies patiemment au sein m\u00eame de l&rsquo;\u00e9cole dessinent un paysage contrast\u00e9, qui devrait aider parents, enseignants et professionnels de l&rsquo;information \u00e0 accompagner les adolescents pour qu&rsquo;ils deviennent des acteurs et des citoyens du num\u00e9rique.\u00a0\u00bb<\/p>\n\n\n\n<figure class=\"wp-block-image aligncenter size-full\"><img decoding=\"async\" width=\"300\" height=\"298\" src=\"https:\/\/promeneursdunet01.fr\/wp-content\/uploads\/2024\/04\/nuage_de_mots_etudiantsl1_jeunes-300x298-1.png\" alt=\"\" class=\"wp-image-142\" srcset=\"https:\/\/promeneursdunet01.fr\/wp-content\/uploads\/2024\/04\/nuage_de_mots_etudiantsl1_jeunes-300x298-1.png 300w, https:\/\/promeneursdunet01.fr\/wp-content\/uploads\/2024\/04\/nuage_de_mots_etudiantsl1_jeunes-300x298-1-150x150.png 150w\" sizes=\"(max-width: 300px) 100vw, 300px\" \/><\/figure>\n\n\n\n<h2 class=\"wp-block-heading\">Extraits d\u2019un article sur l\u2019ouvrage<br><\/h2>\n\n\n\n<p>\u00ab\u00a0L\u2019enqu\u00eate de terrain qui permet de fonder tous ces constats repose sur un patient travail de production de donn\u00e9es amorc\u00e9 en 2009 et poursuivi jusqu\u2019en 2015. On pourrait presque parler ici d\u2019\u00e9tude longitudinale.<strong>\u00a0Les observations et les entretiens r\u00e9alis\u00e9s par Anne Cordier ont \u00e9t\u00e9 conduits dans plusieurs CDI de l\u2019acad\u00e9mie de Lille<\/strong>, aupr\u00e8s de plusieurs dizaines de coll\u00e9giens et lyc\u00e9ens (environ 200 pour l\u2019enqu\u00eate qualitative, les choses \u00e9tant moins claires pour l\u2019enqu\u00eate quantitative dont il est peu fait mention). Plusieurs \u00e9tablissements font partie du corpus de l\u2019enqu\u00eate, ce qui permet notamment d\u2019obtenir une diversit\u00e9 assez grande quant \u00e0 l\u2019origine sociale des \u00e9l\u00e8ves et leurs fili\u00e8res d\u2019\u00e9tude (fili\u00e8res g\u00e9n\u00e9rales, fili\u00e8res sp\u00e9cialis\u00e9es).\u00a0\u00bb<\/p>\n\n\n\n<figure class=\"wp-block-image aligncenter size-full\"><img decoding=\"async\" width=\"768\" height=\"413\" src=\"https:\/\/promeneursdunet01.fr\/wp-content\/uploads\/2024\/04\/Culture_Transfo_1600x860-768x413-1.png\" alt=\"\" class=\"wp-image-143\" srcset=\"https:\/\/promeneursdunet01.fr\/wp-content\/uploads\/2024\/04\/Culture_Transfo_1600x860-768x413-1.png 768w, https:\/\/promeneursdunet01.fr\/wp-content\/uploads\/2024\/04\/Culture_Transfo_1600x860-768x413-1-300x161.png 300w\" sizes=\"(max-width: 768px) 100vw, 768px\" \/><\/figure>\n\n\n\n<p>\u00ab\u00a0Plus encore que de consid\u00e9rer avec bienveillance les pratiques informationnelles des adolescents, encore faut-il prendre appui sur les pratiques sociales qu\u2019ils mettent en \u0153uvre, de sorte que la culture de l\u2019information d\u00e9velopp\u00e9e soit une culture pleinement activ\u00e9e dans le monde social, en lien avec des mani\u00e8res de faire, des r\u00e9seaux de sociabilit\u00e9, et des environnements exploit\u00e9s.\u00a0<strong>Le num\u00e9rique a clairement remis en cause les fronti\u00e8res entre les pratiques informationnelles qui auraient lieu dans le monde scolaire et celles qui seraient mises en \u0153uvre en dehors<\/strong>. Les \u00e9l\u00e8ves d\u00e9veloppent gr\u00e2ce \u00e0 leurs pratiques ordinaires de l\u2019information num\u00e9rique des savoirs et des savoir-faire v\u00e9ritables qu\u2019il faut reconna\u00eetre comme tels. Car avoir le souci de s\u2019appuyer sur les pratiques informationnelles ordinaires des \u00e9l\u00e8ves, c\u2019est aussi tenter de faire des ponts entre les sph\u00e8res de d\u00e9ploiement de ces pratiques, faire des ponts entre les apprentissages formels et non formels.\u00a0\u00bb (Anne Cordier)<\/p>\n\n\n\n<p>(extraits de l\u2019article \u00e9crit par Christophe EVANS,\u00a0<a href=\"https:\/\/bbf.enssib.fr\/consulter\/bbf-2016-08-0145-004\" target=\"_blank\" rel=\"noreferrer noopener\">disponible sur le site du Bulletin des Biblioth\u00e8ques de France<\/a>)<\/p>\n\n\n\n<h2 class=\"wp-block-heading\">Pour aller plus loin<\/h2>\n\n\n\n<p><a href=\"https:\/\/www.youtube.com\/watch?v=V2Q3gx1DiWA\">Collaborez ! De l\u2019injonction \u00e0 la reliance<\/a>,\u00a0Une intervention d&rsquo;Anne Cordier lors du symposium de 2018 intitul\u00e9 \u00ab\u00a0Num\u00e9rique, apprentissage et inclusion: former les enseignants pour faire r\u00e9ussir tous les \u00e9l\u00e8ves\u00a0\u00bb.<\/p>\n\n\n\n<p><a href=\"https:\/\/journals.openedition.org\/rfsic\/1283\" target=\"_blank\" rel=\"noreferrer noopener\">Les adolescents sur Internet : exp\u00e9riences relationnelles et espace d\u2019initiation<\/a>, un article de Patrick\u00a0Amey\u00a0et S\u00e9bastien\u00a0Salerno publi\u00e9 en 2015.<\/p>\n\n\n\n<p>Le <a href=\"https:\/\/www.tice-education.fr\/\" target=\"_blank\" rel=\"noreferrer noopener\">portail d&rsquo;informations\u00a0autour de l&rsquo;Education num\u00e9rique<\/a> cr\u00e9\u00e9 il y a 14 ans par une\u00a0\u00e9quipe d&rsquo;enseignants, auteurs et formateurs passionn\u00e9s de nouvelles technologies.<\/p>\n\n\n\n<p><a href=\"https:\/\/www.numerama.com\/politique\/647143-derriere-nos-ecrans-de-fumee-sur-netflix-le-docu-qui-fait-reflechir-ou-pas.html\" target=\"_blank\" rel=\"noreferrer noopener\">\u00ab Derri\u00e8re nos \u00e9crans de fum\u00e9e \u00bb sur Netflix : le docu qui fait r\u00e9fl\u00e9chir\u2026 ou pas<\/a>, un article de Num\u00e9rama publi\u00e9 en 2020.<\/p>\n\n\n\n<p>Deux vid\u00e9os de l&rsquo;excellente cha\u00eene Youtube Hygi\u00e8ne Mentale : \u00ab\u202f<a href=\"https:\/\/www.youtube.com\/watch?v=__DVwG9oiuU\" target=\"_blank\" rel=\"noreferrer noopener\">Introduction \u00e0 l&rsquo;\u00e9ducation aux m\u00e9dias et \u00e0 l&rsquo;information \u00e0 l&rsquo;\u00e9cole<\/a>\u202f\u00bb, et \u00ab\u202f<a href=\"https:\/\/www.youtube.com\/watch?v=miJ2ObMs-I4\" target=\"_blank\" rel=\"noreferrer noopener\">Analyser les Images<\/a>\u202f\u00bb, publi\u00e9es en 2016.<\/p>\n\n\n\n<h2 class=\"wp-block-heading\">R\u00e9f\u00e9rence bibliographique<\/h2>\n\n\n\n<p>Anne CORDIER,\u00a0\u00ab\u202f<em>Grandir connect\u00e9s : les adolescents et la recherche d\u2019information<\/em>\u202f\u00bb,\u00a0<em>Bulletin des biblioth\u00e8ques de France (BBF)<\/em>, 2016, n\u00b0\u00a08, p. 145-147.<br>En ligne :\u00a0<a href=\"https:\/\/bbf.enssib.fr\/consulter\/bbf-2016-08-0145-004\" target=\"_blank\" rel=\"noreferrer noopener\">https:\/\/bbf.enssib.fr\/consulter\/bbf-2016-08-0145-004<\/a>\u00a0ISSN\u00a01292-8399.<\/p>\n","protected":false},"excerpt":{"rendered":"<p>Ouvrage disponible au CRD de l&rsquo;ADEA au rayon M\u00e9diations, section Num\u00e9rique, avec la cote MED-NUM-COR-4 L&rsquo;autrice Apr\u00e8s avoir \u00e9t\u00e9 professeur [&hellip;]<\/p>\n","protected":false},"author":1,"featured_media":338,"comment_status":"closed","ping_status":"open","sticky":false,"template":"","format":"standard","meta":{"site-sidebar-layout":"default","site-content-layout":"","ast-site-content-layout":"default","site-content-style":"default","site-sidebar-style":"default","ast-global-header-display":"","ast-banner-title-visibility":"","ast-main-header-display":"","ast-hfb-above-header-display":"","ast-hfb-below-header-display":"","ast-hfb-mobile-header-display":"","site-post-title":"","ast-breadcrumbs-content":"","ast-featured-img":"disabled","footer-sml-layout":"","ast-disable-related-posts":"","theme-transparent-header-meta":"","adv-header-id-meta":"","stick-header-meta":"","header-above-stick-meta":"","header-main-stick-meta":"","header-below-stick-meta":"","astra-migrate-meta-layouts":"default","ast-page-background-enabled":"default","ast-page-background-meta":{"desktop":{"background-color":"var(--ast-global-color-4)","background-image":"","background-repeat":"repeat","background-position":"center center","background-size":"auto","background-attachment":"scroll","background-type":"","background-media":"","overlay-type":"","overlay-color":"","overlay-opacity":"","overlay-gradient":""},"tablet":{"background-color":"","background-image":"","background-repeat":"repeat","background-position":"center center","background-size":"auto","background-attachment":"scroll","background-type":"","background-media":"","overlay-type":"","overlay-color":"","overlay-opacity":"","overlay-gradient":""},"mobile":{"background-color":"","background-image":"","background-repeat":"repeat","background-position":"center center","background-size":"auto","background-attachment":"scroll","background-type":"","background-media":"","overlay-type":"","overlay-color":"","overlay-opacity":"","overlay-gradient":""}},"ast-content-background-meta":{"desktop":{"background-color":"var(--ast-global-color-5)","background-image":"","background-repeat":"repeat","background-position":"center center","background-size":"auto","background-attachment":"scroll","background-type":"","background-media":"","overlay-type":"","overlay-color":"","overlay-opacity":"","overlay-gradient":""},"tablet":{"background-color":"var(--ast-global-color-5)","background-image":"","background-repeat":"repeat","background-position":"center center","background-size":"auto","background-attachment":"scroll","background-type":"","background-media":"","overlay-type":"","overlay-color":"","overlay-opacity":"","overlay-gradient":""},"mobile":{"background-color":"var(--ast-global-color-5)","background-image":"","background-repeat":"repeat","background-position":"center center","background-size":"auto","background-attachment":"scroll","background-type":"","background-media":"","overlay-type":"","overlay-color":"","overlay-opacity":"","overlay-gradient":""}},"footnotes":""},"categories":[4,10],"tags":[],"class_list":["post-138","post","type-post","status-publish","format-standard","has-post-thumbnail","hentry","category-article-du-mois","category-veille-et-ressources"],"aioseo_notices":[],"_links":{"self":[{"href":"https:\/\/promeneursdunet01.fr\/index.php?rest_route=\/wp\/v2\/posts\/138","targetHints":{"allow":["GET"]}}],"collection":[{"href":"https:\/\/promeneursdunet01.fr\/index.php?rest_route=\/wp\/v2\/posts"}],"about":[{"href":"https:\/\/promeneursdunet01.fr\/index.php?rest_route=\/wp\/v2\/types\/post"}],"author":[{"embeddable":true,"href":"https:\/\/promeneursdunet01.fr\/index.php?rest_route=\/wp\/v2\/users\/1"}],"replies":[{"embeddable":true,"href":"https:\/\/promeneursdunet01.fr\/index.php?rest_route=%2Fwp%2Fv2%2Fcomments&post=138"}],"version-history":[{"count":4,"href":"https:\/\/promeneursdunet01.fr\/index.php?rest_route=\/wp\/v2\/posts\/138\/revisions"}],"predecessor-version":[{"id":339,"href":"https:\/\/promeneursdunet01.fr\/index.php?rest_route=\/wp\/v2\/posts\/138\/revisions\/339"}],"wp:featuredmedia":[{"embeddable":true,"href":"https:\/\/promeneursdunet01.fr\/index.php?rest_route=\/wp\/v2\/media\/338"}],"wp:attachment":[{"href":"https:\/\/promeneursdunet01.fr\/index.php?rest_route=%2Fwp%2Fv2%2Fmedia&parent=138"}],"wp:term":[{"taxonomy":"category","embeddable":true,"href":"https:\/\/promeneursdunet01.fr\/index.php?rest_route=%2Fwp%2Fv2%2Fcategories&post=138"},{"taxonomy":"post_tag","embeddable":true,"href":"https:\/\/promeneursdunet01.fr\/index.php?rest_route=%2Fwp%2Fv2%2Ftags&post=138"}],"curies":[{"name":"wp","href":"https:\/\/api.w.org\/{rel}","templated":true}]}}